{"id":3900,"date":"2021-12-16T19:27:32","date_gmt":"2021-12-16T17:27:32","guid":{"rendered":"https:\/\/hljn.uber.space\/wordpress\/?p=3900"},"modified":"2022-01-27T21:43:48","modified_gmt":"2022-01-27T19:43:48","slug":"waldkladde","status":"publish","type":"post","link":"https:\/\/hljn.uber.space\/wordpress\/de\/waldkladde\/","title":{"rendered":"WaldKladde"},"content":{"rendered":"\n<p><strong>Die WaldKladde &#8211; das kleine dynamische Betriebswerk f\u00fcr den Kleinprivatwald im Wald immer dabei<\/strong> -.<\/p>\n\n\n\n<p>Rund ein Viertel des deutschen Waldes geh\u00f6rt privaten Waldbesitzern und Waldbesitzerinnen, die \u00fcber weniger als 20ha Waldfl\u00e4che verf\u00fcgen. F\u00fcr diese Gruppe der Kleinst- und Kleinprivatwaldbesitzer und &#8211; besitzerinnen wurde die WaldKladde als einfaches und g\u00fcnstiges Tool entwickelt, um das Interesse am Wald und eine nachhaltigen Bewirtschaftung zu f\u00f6rdern. Im dem dynamischen Betriebswerk werden die Inventur- oder Forsteinrichtungsdaten unter Ber\u00fccksichtigung des Zuwachses und der erfolgten Ma\u00dfnahmen auf den aktuellen Zeitpunkt fortgeschrieben. Das erm\u00f6glicht den Waldbesitzern und Waldbesitzerinnen eine aktuelle Betriebs\u00fcbersicht. Sie werden dar\u00fcber hinaus auf waldbaulich notwendige Ma\u00dfnahmen und Durchforstungseingriffe mit Vorschl\u00e4gen zu den Entnahmemengen hingewiesen.<\/p>\n\n\n\n<div class=\"wp-block-media-text alignwide is-stacked-on-mobile\" style=\"grid-template-columns:24% auto\"><figure class=\"wp-block-media-text__media\"><img loading=\"lazy\" decoding=\"async\" width=\"469\" height=\"750\" src=\"https:\/\/hljn.uber.space\/wordpress\/wp-content\/uploads\/2021\/12\/WaldKladdeTest-469x750.jpg\" alt=\"\" class=\"wp-image-4027 size-full\" srcset=\"https:\/\/hljn.uber.space\/wordpress\/wp-content\/uploads\/2021\/12\/WaldKladdeTest-469x750.jpg 469w, https:\/\/hljn.uber.space\/wordpress\/wp-content\/uploads\/2021\/12\/WaldKladdeTest-188x300.jpg 188w, https:\/\/hljn.uber.space\/wordpress\/wp-content\/uploads\/2021\/12\/WaldKladdeTest-768x1229.jpg 768w, https:\/\/hljn.uber.space\/wordpress\/wp-content\/uploads\/2021\/12\/WaldKladdeTest-960x1536.jpg 960w, https:\/\/hljn.uber.space\/wordpress\/wp-content\/uploads\/2021\/12\/WaldKladdeTest-830x1328.jpg 830w, https:\/\/hljn.uber.space\/wordpress\/wp-content\/uploads\/2021\/12\/WaldKladdeTest-230x368.jpg 230w, https:\/\/hljn.uber.space\/wordpress\/wp-content\/uploads\/2021\/12\/WaldKladdeTest-350x560.jpg 350w, https:\/\/hljn.uber.space\/wordpress\/wp-content\/uploads\/2021\/12\/WaldKladdeTest-480x768.jpg 480w, https:\/\/hljn.uber.space\/wordpress\/wp-content\/uploads\/2021\/12\/WaldKladdeTest.jpg 1200w\" sizes=\"auto, (max-width: 469px) 100vw, 469px\" \/><\/figure><div class=\"wp-block-media-text__content\">\n<p>Die Waldkladde f\u00fcr <a href=\"https:\/\/play.google.com\/store\/apps\/details?id=ftools.waldkladdetest&amp;hl=de&amp;gl=US\">Android<\/a> und Desktop:<\/p>\n\n\n\n<ul class=\"wp-block-list\"><li>ist eine mobile Anwendung f\u00fcr den Kleinst- und Kleinprivatwald,<\/li><li>ist auf dem Smartphone bzw. Tablet immer dabei,<\/li><li>funktioniert offline \u00fcberall in B\u00fcro und Wald<\/li><li>hilft bei der nachhaltigen Waldbewirtschaftung<\/li><li>beschreibt den Betrieb in Zahlen<\/li><li>liefert den aktuellen Zustand aller Best\u00e4nde<\/li><li>empfiehlt nachhaltige Nutzungss\u00e4tze<\/li><li>erinnert an dringende Aufgaben<\/li><li>dokumentiert alle Ma\u00dfnahmen<\/li><li>speichert Ideen als Notizen<\/li><li>erfasst die Einnahmen und Ausgaben<\/li><li>ist einfach in der Anwendung<\/li><li>gibt keine Daten weiter<\/li><li>und ist an \u00f6rtliche Gegebenheiten anpassbar.<\/li><\/ul>\n<\/div><\/div>\n\n\n\n<p>Die WaldKladde ist dar\u00fcber hinaus eine digitale L\u00f6sung f\u00fcr Forsteinrichter, Forstbetriebsgemeinschaften und Landwirtschaftskammern, um die wichtigsten Forsteinrichtungsdaten an die einzelnen WaldbesitzerInnen automatisiert weiterzugeben.<\/p>\n\n\n\n<p>Die <strong>WaldKladdeTest<\/strong> ist eine kostenlose Testversion, damit Sie sich ein Bild von der App machen k\u00f6nnen. Sie ist auf <a href=\"https:\/\/play.google.com\/store\/apps\/details?id=ftools.waldkladdetest&amp;hl=de&amp;gl=US\">Google Play<\/a> bereits verf\u00fcgbar. Die Testversion k\u00f6nnen Sie 30 Tage lang nutzen. Danach startet die App nicht mehr. Ihre Daten lassen sich aber aus der Testversion exportieren und in die Vollversion der Waldkladde importieren.<\/p>\n\n\n\n<p><strong>Unterst\u00fctzung: <\/strong>Falls Sie Probleme mit der App haben, Sie mit der Anpassung der App an Ihre Bed\u00fcrfnisse nicht zurecht kommen oder Ihnen bestimmte Ertragstafeln und Funktionen fehlen schildern Sie mir Ihr Anliegen in einer Email, damit ich Ihnen helfen kann. Gegen eine Geb\u00fchr k\u00f6nnen Sie sich auch Ihre Bestandesdaten in die Datenbank einpflegen lassen.<\/p>\n\n\n\n<p class=\"has-vivid-red-color has-text-color\"><\/p>\n\n\n\n<p><\/p>\n","protected":false},"excerpt":{"rendered":"<p>Die WaldKladde &#8211; das kleine dynamische Betriebswerk f\u00fcr den Kleinprivatwald im Wald immer dabei -. Rund ein Viertel des deutschen Waldes geh\u00f6rt privaten Waldbesitzern und Waldbesitzerinnen, die \u00fcber weniger als 20ha Waldfl\u00e4che verf\u00fcgen. F\u00fcr diese Gruppe der Kleinst- und Kleinprivatwaldbesitzer und &#8211; besitzerinnen wurde die WaldKladde als einfaches und g\u00fcnstiges Tool entwickelt, um das Interesse [&hellip;]<\/p>\n","protected":false},"author":1,"featured_media":0,"comment_status":"closed","ping_status":"closed","sticky":false,"template":"post-templates\/post_full.php","format":"standard","meta":{"footnotes":""},"categories":[1],"tags":[],"class_list":["post-3900","post","type-post","status-publish","format-standard","hentry","category-allgemein"],"_links":{"self":[{"href":"https:\/\/hljn.uber.space\/wordpress\/wp-json\/wp\/v2\/posts\/3900","targetHints":{"allow":["GET"]}}],"collection":[{"href":"https:\/\/hljn.uber.space\/wordpress\/wp-json\/wp\/v2\/posts"}],"about":[{"href":"https:\/\/hljn.uber.space\/wordpress\/wp-json\/wp\/v2\/types\/post"}],"author":[{"embeddable":true,"href":"https:\/\/hljn.uber.space\/wordpress\/wp-json\/wp\/v2\/users\/1"}],"replies":[{"embeddable":true,"href":"https:\/\/hljn.uber.space\/wordpress\/wp-json\/wp\/v2\/comments?post=3900"}],"version-history":[{"count":0,"href":"https:\/\/hljn.uber.space\/wordpress\/wp-json\/wp\/v2\/posts\/3900\/revisions"}],"wp:attachment":[{"href":"https:\/\/hljn.uber.space\/wordpress\/wp-json\/wp\/v2\/media?parent=3900"}],"wp:term":[{"taxonomy":"category","embeddable":true,"href":"https:\/\/hljn.uber.space\/wordpress\/wp-json\/wp\/v2\/categories?post=3900"},{"taxonomy":"post_tag","embeddable":true,"href":"https:\/\/hljn.uber.space\/wordpress\/wp-json\/wp\/v2\/tags?post=3900"}],"curies":[{"name":"wp","href":"https:\/\/api.w.org\/{rel}","templated":true}]}}